{"id":365,"date":"2017-10-27T14:17:39","date_gmt":"2017-10-27T11:17:39","guid":{"rendered":"https:\/\/bambuk.de\/?p=365"},"modified":"2017-10-27T14:17:39","modified_gmt":"2017-10-27T11:17:39","slug":"mayor-of-the-city-of-buhl-baden-congratulates-the-winner-of-the-radstar-photo-competition","status":"publish","type":"post","link":"https:\/\/bambuk.de\/en\/oberburgermeister-der-stadt-buhl-baden-gratuliert-gewinner-des-radstar-fotowettbewerbs\/","title":{"rendered":"MAYOR OF THE CITY OF B\u00dcHL\/BADEN CONGRATULATES THE WINNER OF THE RADSTAR PHOTO COMPETITION"},"content":{"rendered":"<p>What faces does B\u00fchler RadKULTUR have? This was the question in the online voting as part of the RadSTAR photo competition. The winners with the most votes, Marek Pracht from B\u00fchlertal, Tim Kraft from Ottersweier and Anton Simonov and family from B\u00fchl-Weitenung (BamBuk E-Trike Tandem team), were presented with their prizes by Mayor Hubert Schnurr. Pracht received a shopping voucher worth 200 euros from a B\u00fchl bicycle dealer, while the other two winners each received a voucher worth 100 euros. What motivates cyclists in B\u00fchl to get on their bikes? 45 people and two dogs took part in the photo shoot, 35 of whom revealed their motivations with a statement. As the analysis showed, the fun factor is at the top of the list when it comes to cycling, followed by fitness and health. Another frequently mentioned reason was that cycling is simply a practical way to get to your destination quickly within the city, to go shopping, to school, to work, to the doctor for a coffee and to attend events. For some, cycling means relaxing after a stressful day at work, enjoying nature and the countryside and being active in the fresh air. The town of B\u00fchl would like to thank all participants in the photo competition for giving us an impression of the cycling culture in B\u00fchl.<br \/>\nAnd what does the winner of the photo competition Marek Pracht have to say? He uses his bike to get to work and in his free time and covers around 5,000 kilometres a year. His answer is \u201eCycling is fun\u201c.<\/p>\n<p><a href=\"https:\/\/bambuk.de\/wp-content\/uploads\/27_10_2017_1.jpg\" target=\"_blank\" rel=\"noopener\"><img fetchpriority=\"high\" decoding=\"async\" class=\"alignnone wp-image-367 size-thumbnail\" src=\"https:\/\/bambuk.de\/wp-content\/uploads\/27_10_2017_1-618x412.jpg\" alt=\"\" width=\"618\" height=\"412\" title=\"\"><\/a><\/p>","protected":false},"excerpt":{"rendered":"<p>Welche Gesichter hat die B\u00fchler RadKULTUR? Um diese Frage ging es beim Online-Voting im Rahmen des RadSTAR-Fotowettbewerbs. Den Gewinnern mit den meisten Stimmen Marek Pracht aus B\u00fchlertal, Tim Kraft aus Ottersweier und Anton Simonov mit Familie aus B\u00fchl-Weitenung (BamBuk E-Trike Tandem team) \u00fcberreichte Oberb\u00fcrgermeister Hubert Schnurr die Gewinne. Pracht erhielt einen Einkaufsgutschein im Wert von [&hellip;]<\/p>\n","protected":false},"author":2,"featured_media":366,"comment_status":"open","ping_status":"open","sticky":false,"template":"","format":"standard","meta":{"_acf_changed":false,"footnotes":""},"categories":[16],"tags":[],"class_list":["post-365","post","type-post","status-publish","format-standard","has-post-thumbnail","hentry","category-news"],"acf":[],"_links":{"self":[{"href":"https:\/\/bambuk.de\/en\/wp-json\/wp\/v2\/posts\/365","targetHints":{"allow":["GET"]}}],"collection":[{"href":"https:\/\/bambuk.de\/en\/wp-json\/wp\/v2\/posts"}],"about":[{"href":"https:\/\/bambuk.de\/en\/wp-json\/wp\/v2\/types\/post"}],"author":[{"embeddable":true,"href":"https:\/\/bambuk.de\/en\/wp-json\/wp\/v2\/users\/2"}],"replies":[{"embeddable":true,"href":"https:\/\/bambuk.de\/en\/wp-json\/wp\/v2\/comments?post=365"}],"version-history":[{"count":0,"href":"https:\/\/bambuk.de\/en\/wp-json\/wp\/v2\/posts\/365\/revisions"}],"wp:featuredmedia":[{"embeddable":true,"href":"https:\/\/bambuk.de\/en\/wp-json\/wp\/v2\/media\/366"}],"wp:attachment":[{"href":"https:\/\/bambuk.de\/en\/wp-json\/wp\/v2\/media?parent=365"}],"wp:term":[{"taxonomy":"category","embeddable":true,"href":"https:\/\/bambuk.de\/en\/wp-json\/wp\/v2\/categories?post=365"},{"taxonomy":"post_tag","embeddable":true,"href":"https:\/\/bambuk.de\/en\/wp-json\/wp\/v2\/tags?post=365"}],"curies":[{"name":"wp","href":"https:\/\/api.w.org\/{rel}","templated":true}]}}